{"id":5124,"date":"2025-07-16T09:12:48","date_gmt":"2025-07-16T06:12:48","guid":{"rendered":"https:\/\/muzika.aluksne.lv\/?p=5124"},"modified":"2025-08-20T16:00:53","modified_gmt":"2025-08-20T13:00:53","slug":"aluksnes-muzikas-skolas-kolektivu-daliba-xiii-latvijas-skolu-jaunatnes-dziesmu-un-deju-svetkos","status":"publish","type":"post","link":"https:\/\/muzika.aluksne.lv\/?p=5124","title":{"rendered":"Al\u016bksnes M\u016bzikas skolas kolekt\u012bvu dal\u012bba XIII Latvijas Skolu jaunatnes dziesmu un deju sv\u0113tkos"},"content":{"rendered":"\n<p>No 5. l\u012bdz 13. j\u016blijam R\u012bg\u0101 norisin\u0101j\u0101s XIII Latvijas Skolu jaunatnes dziesmu un deju sv\u0113tki, kuros piedal\u012bj\u0101s ar\u012b Al\u016bksnes M\u016bzikas skolas kolekt\u012bvi &#8211; 4.-9. kla\u0161u koris, jaun\u0101ko kla\u0161u kokl\u0113t\u0101ju ansamblis un or\u0137estra grupas dal\u012bbnieki Al\u016bksnes b\u0113rnu un jaunie\u0161u intere\u0161u centra p\u016bt\u0113ju or\u0137estra sast\u0101v\u0101.<\/p>\n\n\n\n<p>Sv\u0113tki ir nosl\u0113gu\u0161ies, ta\u010du saj\u016btas, emocijas un piedz\u012bvotais turpin\u0101s dz\u012bvot m\u016bsu atmi\u0146\u0101s v\u0113l ilgi. Tas bija neaizmirstams notikums, kur\u0101 piedal\u012bties bija gods un piedz\u012bvojums vienlaikus.<\/p>\n\n\n\n<p>Latvijas Skolu jaunatnes dziesmu un deju sv\u0113tki ir atz\u012bti par UNESCO Cilv\u0113ces mutv\u0101rdu un nemateri\u0101l\u0101 kult\u016bras mantojuma meistardarbu. Tie turpina dz\u012bvot katra latvie\u0161a sird\u012b, apliecinot tautas gara sp\u0113ku un trad\u012bciju dz\u012bvotsp\u0113ju.<\/p>\n\n\n\n<figure class=\"wp-block-image size-large is-resized\"><img loading=\"lazy\" decoding=\"async\" width=\"1024\" height=\"768\" src=\"https:\/\/muzika.aluksne.lv\/wp-content\/uploads\/2025\/07\/Koris-Dz.-sv.-2-1024x768.jpg\" alt=\"\" class=\"wp-image-5126\" style=\"width:464px;height:auto\" srcset=\"https:\/\/muzika.aluksne.lv\/wp-content\/uploads\/2025\/07\/Koris-Dz.-sv.-2-1024x768.jpg 1024w, https:\/\/muzika.aluksne.lv\/wp-content\/uploads\/2025\/07\/Koris-Dz.-sv.-2-300x225.jpg 300w, https:\/\/muzika.aluksne.lv\/wp-content\/uploads\/2025\/07\/Koris-Dz.-sv.-2-768x576.jpg 768w, https:\/\/muzika.aluksne.lv\/wp-content\/uploads\/2025\/07\/Koris-Dz.-sv.-2-1536x1152.jpg 1536w, https:\/\/muzika.aluksne.lv\/wp-content\/uploads\/2025\/07\/Koris-Dz.-sv.-2-2048x1536.jpg 2048w\" sizes=\"auto, (max-width: 1024px) 100vw, 1024px\" \/><\/figure>\n\n\n\n<p>Foto: Al\u016bksnes M\u016bzikas skolas 4.-9. kla\u0161u koris ar diri\u0123enti Inu Perevertailo un direktori Danu Berkuli nosl\u0113guma koncert\u0101 &#8220;Te aust&#8221; (no skolas arh\u012bva)<\/p>\n\n\n<div class=\"wp-block-image\">\n<figure class=\"alignright size-large is-resized\"><img loading=\"lazy\" decoding=\"async\" width=\"768\" height=\"1024\" src=\"https:\/\/muzika.aluksne.lv\/wp-content\/uploads\/2025\/07\/Kokletaji-Dz.-sv-768x1024.jpg\" alt=\"\" class=\"wp-image-5127\" style=\"width:338px;height:auto\" srcset=\"https:\/\/muzika.aluksne.lv\/wp-content\/uploads\/2025\/07\/Kokletaji-Dz.-sv-768x1024.jpg 768w, https:\/\/muzika.aluksne.lv\/wp-content\/uploads\/2025\/07\/Kokletaji-Dz.-sv-225x300.jpg 225w, https:\/\/muzika.aluksne.lv\/wp-content\/uploads\/2025\/07\/Kokletaji-Dz.-sv-1152x1536.jpg 1152w, https:\/\/muzika.aluksne.lv\/wp-content\/uploads\/2025\/07\/Kokletaji-Dz.-sv.jpg 1200w\" sizes=\"auto, (max-width: 768px) 100vw, 768px\" \/><\/figure>\n<\/div>\n\n\n<p>Foto: Al\u016bksnes M\u016bzikas skolas jaun\u0101ko kla\u0161u kokl\u0113t\u0101ju ansamblis ar vad\u012bt\u0101ju Ingu Kalni\u0146u un ABJC metodi\u0137i Ievu Rakovu kok\u013cu m\u016bzikas koncert\u0101 &#8220;Dz\u012bslojums&#8221; (no ABJC arh\u012bva)<\/p>\n\n\n\n<figure class=\"wp-block-image size-large is-resized\"><img loading=\"lazy\" decoding=\"async\" width=\"1024\" height=\"500\" src=\"https:\/\/muzika.aluksne.lv\/wp-content\/uploads\/2025\/07\/Puteju-orkestris-1024x500.jpg\" alt=\"\" class=\"wp-image-5128\" style=\"width:506px;height:auto\" srcset=\"https:\/\/muzika.aluksne.lv\/wp-content\/uploads\/2025\/07\/Puteju-orkestris-1024x500.jpg 1024w, https:\/\/muzika.aluksne.lv\/wp-content\/uploads\/2025\/07\/Puteju-orkestris-300x146.jpg 300w, https:\/\/muzika.aluksne.lv\/wp-content\/uploads\/2025\/07\/Puteju-orkestris-768x375.jpg 768w, https:\/\/muzika.aluksne.lv\/wp-content\/uploads\/2025\/07\/Puteju-orkestris.jpg 1440w\" sizes=\"auto, (max-width: 1024px) 100vw, 1024px\" \/><\/figure>\n\n\n\n<p>Foto: ABJC p\u016bt\u0113ju or\u0137estris ar vad\u012bt\u0101jiem Sandoru L\u012bvi\u0146u un Ilzi L\u012bvi\u0146u (no ABJC arh\u012bva)<\/p>\n\n\n\n<p><\/p>\n","protected":false},"excerpt":{"rendered":"<p>No 5. l\u012bdz 13. j\u016blijam R\u012bg\u0101 norisin\u0101j\u0101s XIII Latvijas Skolu jaunatnes dziesmu un deju sv\u0113tki, kuros piedal\u012bj\u0101s ar\u012b Al\u016bksnes M\u016bzikas skolas kolekt\u012bvi &#8211; 4.-9. kla\u0161u koris, jaun\u0101ko kla\u0161u kokl\u0113t\u0101ju ansamblis&#8230;<\/p>\n","protected":false},"author":5,"featured_media":0,"comment_status":"closed","ping_status":"closed","sticky":false,"template":"","format":"standard","meta":{"footnotes":""},"categories":[1],"tags":[],"class_list":["post-5124","post","type-post","status-publish","format-standard","hentry","category-nekategorizets"],"_links":{"self":[{"href":"https:\/\/muzika.aluksne.lv\/index.php?rest_route=\/wp\/v2\/posts\/5124","targetHints":{"allow":["GET"]}}],"collection":[{"href":"https:\/\/muzika.aluksne.lv\/index.php?rest_route=\/wp\/v2\/posts"}],"about":[{"href":"https:\/\/muzika.aluksne.lv\/index.php?rest_route=\/wp\/v2\/types\/post"}],"author":[{"embeddable":true,"href":"https:\/\/muzika.aluksne.lv\/index.php?rest_route=\/wp\/v2\/users\/5"}],"replies":[{"embeddable":true,"href":"https:\/\/muzika.aluksne.lv\/index.php?rest_route=%2Fwp%2Fv2%2Fcomments&post=5124"}],"version-history":[{"count":3,"href":"https:\/\/muzika.aluksne.lv\/index.php?rest_route=\/wp\/v2\/posts\/5124\/revisions"}],"predecessor-version":[{"id":5130,"href":"https:\/\/muzika.aluksne.lv\/index.php?rest_route=\/wp\/v2\/posts\/5124\/revisions\/5130"}],"wp:attachment":[{"href":"https:\/\/muzika.aluksne.lv\/index.php?rest_route=%2Fwp%2Fv2%2Fmedia&parent=5124"}],"wp:term":[{"taxonomy":"category","embeddable":true,"href":"https:\/\/muzika.aluksne.lv\/index.php?rest_route=%2Fwp%2Fv2%2Fcategories&post=5124"},{"taxonomy":"post_tag","embeddable":true,"href":"https:\/\/muzika.aluksne.lv\/index.php?rest_route=%2Fwp%2Fv2%2Ftags&post=5124"}],"curies":[{"name":"wp","href":"https:\/\/api.w.org\/{rel}","templated":true}]}}