{"id":4067,"date":"2024-01-22T14:30:37","date_gmt":"2024-01-22T12:30:37","guid":{"rendered":"https:\/\/muzika.aluksne.lv\/?p=4067"},"modified":"2024-10-21T15:33:23","modified_gmt":"2024-10-21T12:33:23","slug":"balvu-gulbenes-vilakas-un-aluksnes-sitaminstrumentu-speles-klases-audzeknu-koncertmeistarklase-balvu-muzikas-skola","status":"publish","type":"post","link":"https:\/\/muzika.aluksne.lv\/?p=4067","title":{"rendered":"Balvu, Gulbenes, Vi\u013cakas un Al\u016bksnes Sitaminstrumentu sp\u0113les klases audz\u0113k\u0146u koncertmeistarklase Balvu M\u016bzikas skol\u0101"},"content":{"rendered":"\n<p>Piektdien, 19. janv\u0101r\u012b, Balvu M\u016bzikas skolas z\u0101li pieskandin\u0101ja un pier\u012bbin\u0101ja Balvu, Gulbenes, Vi\u013cakas un Al\u016bksnes Sitaminstrumentu sp\u0113les klases audz\u0113k\u0146i, lai izm\u0113\u0123in\u0101tu sp\u0113kus pirms Valsts konkursa, kas  izgl\u012bt\u012bbas programmai notiek reizi \u010detros gados un ir noz\u012bm\u012bgs konkurss Latvijas M\u016bzikas skol\u0101m.<\/p>\n\n\n\n<p>Koncertmeistarklas\u0113 muzic\u0113ja visu tr\u012bs vecuma grupu audz\u0113k\u0146i un katrs izpild\u012bja divus ska\u0146darbus.<\/p>\n\n\n\n<p>Ieskatu Sitaminstrumentu sp\u0113les nians\u0113s sniedza Al\u016bksnes un Gulbenes M\u016bzikas skolu Sitaminstrumentu sp\u0113les skolot\u0101js M\u0101rcis Kalni\u0146\u0161, kur\u0161 ar\u012b ir \u0161\u012bs lielisk\u0101s koncertmeistarklases idejas autors un realiz\u0113t\u0101js.<\/p>\n\n\n\n<p>\u0160\u012b bija v\u0113rt\u012bga audz\u0113k\u0146u un pedagogu tik\u0161an\u0101s, jo var\u0113ja dal\u012bties pieredz\u0113, k\u0101 ar\u012b ieg\u016bt jaunu no\u0161u materi\u0101lu.<\/p>\n\n\n\n<p>Liels paldies Balvu M\u016bzikas skolai un direktoram Egonam Salmanim par sirsn\u012bgo uz\u0146em\u0161anu, Vi\u013cakas M\u016bzikas skolas direktoram, Vi\u013cakas un Balvu Sitaminstrumentu sp\u0113les skolot\u0101jam Aldim Pranc\u0101nam par akt\u012bvu l\u012bdzdarbo\u0161anos.<\/p>\n\n\n\n<p>Pateicamies koncertmeistariem Initai Lembai un Viktoram Bormanim, audz\u0113k\u0146iem un vi\u0146u vec\u0101kiem par uz\u0146\u0113m\u012bbu un paciet\u012bbu!<\/p>\n\n\n\n<p>Lai veiksm\u012bga un skan\u012bga Valsts konkursa II k\u0101rta!<\/p>\n\n\n<div class=\"wp-block-image\">\n<figure class=\"aligncenter size-large is-resized\"><img loading=\"lazy\" decoding=\"async\" width=\"768\" height=\"1024\" src=\"https:\/\/muzika.aluksne.lv\/wp-content\/uploads\/2024\/01\/WhatsApp-Image-2024-01-19-at-20.55.15-1-768x1024.jpeg\" alt=\"\" class=\"wp-image-4073\" style=\"width:337px;height:auto\" srcset=\"https:\/\/muzika.aluksne.lv\/wp-content\/uploads\/2024\/01\/WhatsApp-Image-2024-01-19-at-20.55.15-1-768x1024.jpeg 768w, https:\/\/muzika.aluksne.lv\/wp-content\/uploads\/2024\/01\/WhatsApp-Image-2024-01-19-at-20.55.15-1-225x300.jpeg 225w, https:\/\/muzika.aluksne.lv\/wp-content\/uploads\/2024\/01\/WhatsApp-Image-2024-01-19-at-20.55.15-1-1152x1536.jpeg 1152w, https:\/\/muzika.aluksne.lv\/wp-content\/uploads\/2024\/01\/WhatsApp-Image-2024-01-19-at-20.55.15-1.jpeg 1536w\" sizes=\"auto, (max-width: 768px) 100vw, 768px\" \/><\/figure>\n<\/div>\n\n\n<p>Foto: Sitaminstrumentu sp\u0113les klases audz\u0113kne muzic\u0113 uz bungu komplekta<\/p>\n\n\n<div class=\"wp-block-image\">\n<figure class=\"aligncenter size-large is-resized\"><img loading=\"lazy\" decoding=\"async\" width=\"768\" height=\"1024\" src=\"https:\/\/muzika.aluksne.lv\/wp-content\/uploads\/2024\/01\/WhatsApp-Image-2024-01-19-at-20.55.15-768x1024.jpeg\" alt=\"\" class=\"wp-image-4068\" style=\"width:336px;height:auto\" srcset=\"https:\/\/muzika.aluksne.lv\/wp-content\/uploads\/2024\/01\/WhatsApp-Image-2024-01-19-at-20.55.15-768x1024.jpeg 768w, https:\/\/muzika.aluksne.lv\/wp-content\/uploads\/2024\/01\/WhatsApp-Image-2024-01-19-at-20.55.15-225x300.jpeg 225w, https:\/\/muzika.aluksne.lv\/wp-content\/uploads\/2024\/01\/WhatsApp-Image-2024-01-19-at-20.55.15-1152x1536.jpeg 1152w, https:\/\/muzika.aluksne.lv\/wp-content\/uploads\/2024\/01\/WhatsApp-Image-2024-01-19-at-20.55.15.jpeg 1536w\" sizes=\"auto, (max-width: 768px) 100vw, 768px\" \/><figcaption class=\"wp-element-caption\">Foto: Sitaminstrumentu sp\u0113les klases audz\u0113knis muzic\u0113 uz marimbas<\/figcaption><\/figure>\n<\/div>\n\n<div class=\"wp-block-image\">\n<figure class=\"aligncenter size-large is-resized\"><img loading=\"lazy\" decoding=\"async\" width=\"768\" height=\"1024\" src=\"https:\/\/muzika.aluksne.lv\/wp-content\/uploads\/2024\/01\/WhatsApp-Image-2024-01-19-at-20.55.14-768x1024.jpeg\" alt=\"\" class=\"wp-image-4069\" style=\"width:339px;height:auto\" srcset=\"https:\/\/muzika.aluksne.lv\/wp-content\/uploads\/2024\/01\/WhatsApp-Image-2024-01-19-at-20.55.14-768x1024.jpeg 768w, https:\/\/muzika.aluksne.lv\/wp-content\/uploads\/2024\/01\/WhatsApp-Image-2024-01-19-at-20.55.14-225x300.jpeg 225w, https:\/\/muzika.aluksne.lv\/wp-content\/uploads\/2024\/01\/WhatsApp-Image-2024-01-19-at-20.55.14-1152x1536.jpeg 1152w, https:\/\/muzika.aluksne.lv\/wp-content\/uploads\/2024\/01\/WhatsApp-Image-2024-01-19-at-20.55.14.jpeg 1536w\" sizes=\"auto, (max-width: 768px) 100vw, 768px\" \/><figcaption class=\"wp-element-caption\">Foto: Sitaminstrumentu sp\u0113les klases audz\u0113kne muzic\u0113 uz marimbas<\/figcaption><\/figure>\n<\/div>\n\n<div class=\"wp-block-image\">\n<figure class=\"aligncenter size-large is-resized\"><img loading=\"lazy\" decoding=\"async\" width=\"768\" height=\"1024\" src=\"https:\/\/muzika.aluksne.lv\/wp-content\/uploads\/2024\/01\/WhatsApp-Image-2024-01-19-at-20.55.14-1-768x1024.jpeg\" alt=\"\" class=\"wp-image-4070\" style=\"width:337px;height:auto\" srcset=\"https:\/\/muzika.aluksne.lv\/wp-content\/uploads\/2024\/01\/WhatsApp-Image-2024-01-19-at-20.55.14-1-768x1024.jpeg 768w, https:\/\/muzika.aluksne.lv\/wp-content\/uploads\/2024\/01\/WhatsApp-Image-2024-01-19-at-20.55.14-1-225x300.jpeg 225w, https:\/\/muzika.aluksne.lv\/wp-content\/uploads\/2024\/01\/WhatsApp-Image-2024-01-19-at-20.55.14-1-1152x1536.jpeg 1152w, https:\/\/muzika.aluksne.lv\/wp-content\/uploads\/2024\/01\/WhatsApp-Image-2024-01-19-at-20.55.14-1.jpeg 1536w\" sizes=\"auto, (max-width: 768px) 100vw, 768px\" \/><figcaption class=\"wp-element-caption\">Foto: Sitaminstrumentu sp\u0113les klases audz\u0113knis muzic\u0113 uz bungu komplekta<\/figcaption><\/figure>\n<\/div>\n\n<div class=\"wp-block-image\">\n<figure class=\"aligncenter size-large is-resized\"><img loading=\"lazy\" decoding=\"async\" width=\"768\" height=\"1024\" src=\"https:\/\/muzika.aluksne.lv\/wp-content\/uploads\/2024\/01\/WhatsApp-Image-2024-01-19-at-20.55.13-768x1024.jpeg\" alt=\"\" class=\"wp-image-4071\" style=\"width:339px;height:auto\" srcset=\"https:\/\/muzika.aluksne.lv\/wp-content\/uploads\/2024\/01\/WhatsApp-Image-2024-01-19-at-20.55.13-768x1024.jpeg 768w, https:\/\/muzika.aluksne.lv\/wp-content\/uploads\/2024\/01\/WhatsApp-Image-2024-01-19-at-20.55.13-225x300.jpeg 225w, https:\/\/muzika.aluksne.lv\/wp-content\/uploads\/2024\/01\/WhatsApp-Image-2024-01-19-at-20.55.13-1152x1536.jpeg 1152w, https:\/\/muzika.aluksne.lv\/wp-content\/uploads\/2024\/01\/WhatsApp-Image-2024-01-19-at-20.55.13.jpeg 1536w\" sizes=\"auto, (max-width: 768px) 100vw, 768px\" \/><figcaption class=\"wp-element-caption\">Foto: Balvu M\u016bzikas skolas direktors un Al\u016bksnes un Gulbenes Sitaminstrumentu sp\u0113les skolot\u0101js<\/figcaption><\/figure>\n<\/div>\n\n<div class=\"wp-block-image\">\n<figure class=\"aligncenter size-large is-resized\"><img loading=\"lazy\" decoding=\"async\" width=\"1024\" height=\"768\" src=\"https:\/\/muzika.aluksne.lv\/wp-content\/uploads\/2024\/01\/WhatsApp-Image-2024-01-19-at-20.55.12-1024x768.jpeg\" alt=\"\" class=\"wp-image-4072\" style=\"width:340px;height:auto\" srcset=\"https:\/\/muzika.aluksne.lv\/wp-content\/uploads\/2024\/01\/WhatsApp-Image-2024-01-19-at-20.55.12-1024x768.jpeg 1024w, https:\/\/muzika.aluksne.lv\/wp-content\/uploads\/2024\/01\/WhatsApp-Image-2024-01-19-at-20.55.12-300x225.jpeg 300w, https:\/\/muzika.aluksne.lv\/wp-content\/uploads\/2024\/01\/WhatsApp-Image-2024-01-19-at-20.55.12-768x576.jpeg 768w, https:\/\/muzika.aluksne.lv\/wp-content\/uploads\/2024\/01\/WhatsApp-Image-2024-01-19-at-20.55.12-1536x1152.jpeg 1536w, https:\/\/muzika.aluksne.lv\/wp-content\/uploads\/2024\/01\/WhatsApp-Image-2024-01-19-at-20.55.12.jpeg 2048w\" sizes=\"auto, (max-width: 1024px) 100vw, 1024px\" \/><figcaption class=\"wp-element-caption\">Foto: Koncertmeistarklases dal\u012bbnieku kop\u012bgs foto<\/figcaption><\/figure>\n<\/div>","protected":false},"excerpt":{"rendered":"<p>Piektdien, 19. janv\u0101r\u012b, Balvu M\u016bzikas skolas z\u0101li pieskandin\u0101ja un pier\u012bbin\u0101ja Balvu, Gulbenes, Vi\u013cakas un Al\u016bksnes Sitaminstrumentu sp\u0113les klases audz\u0113k\u0146i, lai izm\u0113\u0123in\u0101tu sp\u0113kus pirms Valsts konkursa, kas izgl\u012bt\u012bbas programmai notiek reizi&#8230;<\/p>\n","protected":false},"author":5,"featured_media":0,"comment_status":"closed","ping_status":"closed","sticky":false,"template":"","format":"standard","meta":{"footnotes":""},"categories":[210,4],"tags":[],"class_list":["post-4067","post","type-post","status-publish","format-standard","hentry","category-2023-2024-macibu-gads","category-pasakumi"],"_links":{"self":[{"href":"https:\/\/muzika.aluksne.lv\/index.php?rest_route=\/wp\/v2\/posts\/4067","targetHints":{"allow":["GET"]}}],"collection":[{"href":"https:\/\/muzika.aluksne.lv\/index.php?rest_route=\/wp\/v2\/posts"}],"about":[{"href":"https:\/\/muzika.aluksne.lv\/index.php?rest_route=\/wp\/v2\/types\/post"}],"author":[{"embeddable":true,"href":"https:\/\/muzika.aluksne.lv\/index.php?rest_route=\/wp\/v2\/users\/5"}],"replies":[{"embeddable":true,"href":"https:\/\/muzika.aluksne.lv\/index.php?rest_route=%2Fwp%2Fv2%2Fcomments&post=4067"}],"version-history":[{"count":6,"href":"https:\/\/muzika.aluksne.lv\/index.php?rest_route=\/wp\/v2\/posts\/4067\/revisions"}],"predecessor-version":[{"id":4596,"href":"https:\/\/muzika.aluksne.lv\/index.php?rest_route=\/wp\/v2\/posts\/4067\/revisions\/4596"}],"wp:attachment":[{"href":"https:\/\/muzika.aluksne.lv\/index.php?rest_route=%2Fwp%2Fv2%2Fmedia&parent=4067"}],"wp:term":[{"taxonomy":"category","embeddable":true,"href":"https:\/\/muzika.aluksne.lv\/index.php?rest_route=%2Fwp%2Fv2%2Fcategories&post=4067"},{"taxonomy":"post_tag","embeddable":true,"href":"https:\/\/muzika.aluksne.lv\/index.php?rest_route=%2Fwp%2Fv2%2Ftags&post=4067"}],"curies":[{"name":"wp","href":"https:\/\/api.w.org\/{rel}","templated":true}]}}