{"id":3911,"date":"2023-08-23T15:57:22","date_gmt":"2023-08-23T12:57:22","guid":{"rendered":"https:\/\/muzika.aluksne.lv\/?p=3911"},"modified":"2023-08-23T15:59:32","modified_gmt":"2023-08-23T12:59:32","slug":"cesis-norisinasies-koncerts-vidzemes-talanti-gimenei","status":"publish","type":"post","link":"https:\/\/muzika.aluksne.lv\/?p=3911","title":{"rendered":"C\u0113s\u012bs norisin\u0101sies koncerts \u201cVidzemes Talanti \u2013 \u0123imenei\u201d"},"content":{"rendered":"\n<figure class=\"wp-block-image size-large\"><img loading=\"lazy\" decoding=\"async\" width=\"724\" height=\"1024\" src=\"https:\/\/muzika.aluksne.lv\/wp-content\/uploads\/2023\/08\/VT_web-724x1024.jpg\" alt=\"\" class=\"wp-image-3912\" srcset=\"https:\/\/muzika.aluksne.lv\/wp-content\/uploads\/2023\/08\/VT_web-724x1024.jpg 724w, https:\/\/muzika.aluksne.lv\/wp-content\/uploads\/2023\/08\/VT_web-212x300.jpg 212w, https:\/\/muzika.aluksne.lv\/wp-content\/uploads\/2023\/08\/VT_web-768x1086.jpg 768w, https:\/\/muzika.aluksne.lv\/wp-content\/uploads\/2023\/08\/VT_web-1086x1536.jpg 1086w, https:\/\/muzika.aluksne.lv\/wp-content\/uploads\/2023\/08\/VT_web-1448x2048.jpg 1448w, https:\/\/muzika.aluksne.lv\/wp-content\/uploads\/2023\/08\/VT_web-scaled.jpg 1810w\" sizes=\"auto, (max-width: 724px) 100vw, 724px\" \/><\/figure>\n\n\n\n<p class=\"has-text-align-left\">Alfr\u0113da Kalni\u0146a C\u0113su M\u016bzikas vidusskola sadarb\u012bb\u0101 ar skolas atbalsta biedr\u012bbu aicina apmekl\u0113t<br>Vidzemes re\u0123iona m\u016bzikas skolu talant\u012bg\u0101ko audz\u0113k\u0146u un konkursu laure\u0101tu koncertu<br>\u201cVidzemes Talanti.\u201d Koncerts norisin\u0101sies 2023. gada 27. august\u0101 plkst. 16.00 Koncertz\u0101les<br>\u201cC\u0113sis\u201d Lielaj\u0101 z\u0101l\u0113.<br>Izcil\u012bb\u0101 un talanta izkop\u0161an\u0101 ir j\u0101iegulda liels un smags darbs, un tas nav izdar\u0101ms bez \u0123imenes<br>atbalsta. \u0122imene ir jaun\u0101 m\u0101kslinieka dro\u0161ais plecs un stipr\u0101 klints, kura vienm\u0113r ir l\u012bdz\u0101s,<br>motiv\u0113 un atbalsta, t\u0101d\u0113\u013c \u0161ogad koncerta vadmot\u012bvs ir \u0123imene, lai akcent\u0113tu t\u0101s v\u0113rt\u012bbu un noz\u012bmi<br>ce\u013c\u0101 uz m\u0113r\u0137u un sap\u0146u piepild\u012bjumu.<br>Koncert\u0101 piedal\u012bsies Vidzemes m\u016bzikas skolu audz\u0113k\u0146i &#8211; konkursu laure\u0101ti &#8211; no Al\u016bksnes,<br>C\u0113s\u012bm, Dz\u0113rbenes, Limba\u017eiem, Madonas, R\u016bjienas, Valkas, Valmieras un Vidzemes<br>kameror\u0137estris. Koncertu diri\u0123\u0113s Art\u016brs \u0160varcbahs.<br>Koncerta programm\u0101 b\u016bs dzirdama da\u017e\u0101du instrumentu \u2013 alta, \u010della, fagota, flautas, klavieru,<br>kokles, marimbas, vijoles sp\u0113le, k\u0101 ar\u012b solo dzied\u0101\u0161ana un \u0113r\u0123e\u013cu sp\u0113le.<br>Daudzas aran\u017eijas solo instrumentiem ar or\u0137estri rad\u012bjis Alfr\u0113da Kalni\u0146a C\u0113su M\u016bzikas<br>vidusskolas pedagogs un komponists Andris Rieksti\u0146\u0161.<br>Koncerts norisin\u0101sies ar Vidzemes pl\u0101no\u0161anas re\u0123iona, Valsts Kult\u016brkapit\u0101la fonda, C\u0113su novada<br>pa\u0161vald\u012bbas, AS \u201cC\u0113su alus\u201d un \u0122imenes st\u0101du audz\u0113tavas \u201cSilavir\u0161i\u201d atbalstu.<br>Ieeja bez maksas.<\/p>\n","protected":false},"excerpt":{"rendered":"<p>Alfr\u0113da Kalni\u0146a C\u0113su M\u016bzikas vidusskola sadarb\u012bb\u0101 ar skolas atbalsta biedr\u012bbu aicina apmekl\u0113tVidzemes re\u0123iona m\u016bzikas skolu talant\u012bg\u0101ko audz\u0113k\u0146u un konkursu laure\u0101tu koncertu\u201cVidzemes Talanti.\u201d Koncerts norisin\u0101sies 2023. gada 27. august\u0101 plkst. 16.00&#8230;<\/p>\n","protected":false},"author":4,"featured_media":0,"comment_status":"closed","ping_status":"closed","sticky":false,"template":"","format":"standard","meta":{"footnotes":""},"categories":[1],"tags":[],"class_list":["post-3911","post","type-post","status-publish","format-standard","hentry","category-nekategorizets"],"_links":{"self":[{"href":"https:\/\/muzika.aluksne.lv\/index.php?rest_route=\/wp\/v2\/posts\/3911","targetHints":{"allow":["GET"]}}],"collection":[{"href":"https:\/\/muzika.aluksne.lv\/index.php?rest_route=\/wp\/v2\/posts"}],"about":[{"href":"https:\/\/muzika.aluksne.lv\/index.php?rest_route=\/wp\/v2\/types\/post"}],"author":[{"embeddable":true,"href":"https:\/\/muzika.aluksne.lv\/index.php?rest_route=\/wp\/v2\/users\/4"}],"replies":[{"embeddable":true,"href":"https:\/\/muzika.aluksne.lv\/index.php?rest_route=%2Fwp%2Fv2%2Fcomments&post=3911"}],"version-history":[{"count":2,"href":"https:\/\/muzika.aluksne.lv\/index.php?rest_route=\/wp\/v2\/posts\/3911\/revisions"}],"predecessor-version":[{"id":3915,"href":"https:\/\/muzika.aluksne.lv\/index.php?rest_route=\/wp\/v2\/posts\/3911\/revisions\/3915"}],"wp:attachment":[{"href":"https:\/\/muzika.aluksne.lv\/index.php?rest_route=%2Fwp%2Fv2%2Fmedia&parent=3911"}],"wp:term":[{"taxonomy":"category","embeddable":true,"href":"https:\/\/muzika.aluksne.lv\/index.php?rest_route=%2Fwp%2Fv2%2Fcategories&post=3911"},{"taxonomy":"post_tag","embeddable":true,"href":"https:\/\/muzika.aluksne.lv\/index.php?rest_route=%2Fwp%2Fv2%2Ftags&post=3911"}],"curies":[{"name":"wp","href":"https:\/\/api.w.org\/{rel}","templated":true}]}}