{"id":3680,"date":"2023-01-27T12:31:38","date_gmt":"2023-01-27T10:31:38","guid":{"rendered":"https:\/\/muzika.aluksne.lv\/?p=3680"},"modified":"2023-01-31T20:14:43","modified_gmt":"2023-01-31T18:14:43","slug":"vijoles-speles-valsts-konkursa-ii-karta","status":"publish","type":"post","link":"https:\/\/muzika.aluksne.lv\/?p=3680","title":{"rendered":"Vijoles sp\u0113les Valsts konkursa II k\u0101rta"},"content":{"rendered":"\n<p>2023. gada 24. janv\u0101r\u012b Alfr. Kalni\u0146a C\u0113su M\u016bzikas vidusskol\u0101 notika Latvijas profesion\u0101l\u0101s ievirzes izgl\u012bt\u012bbas iest\u0101\u017eu izgl\u012bt\u012bbas programmas\u00a0<em>St\u012bgu instrumentu sp\u0113le \u2013 Vijoles sp\u0113le\u00a0<\/em>Valsts konkursa II k\u0101rta. Vijoles specialit\u0101t\u0113 \u010detr\u0101s kla\u0161u grup\u0101s piedal\u012bj\u0101s 58 audz\u0113k\u0146i no 23 Vidzemes re\u0123iona M\u016bzikas skol\u0101m. Konkurss notiek reizi \u010detros gados un Al\u016bksnes M\u016bzikas skolu \u0161aj\u0101 reiz\u0113 p\u0101rst\u0101v\u0113ja 3 audz\u0113k\u0146i, no kuriem s\u012bv\u0101 konkurenc\u0113 visi ieguva godalgotas vietas! <\/p>\n\n\n\n<p>SVEICAM m\u016bsu jaunos m\u016bzi\u0137us-<\/p>\n\n\n\n<ul class=\"wp-block-list\">\n<li>ROBERTU BUMBI\u0160U&nbsp; ar ieg\u016bto III vietu<\/li>\n<\/ul>\n\n\n\n<ul class=\"wp-block-list\">\n<li>EM\u012aLIJU GUSTU ar ieg\u016bto III vietu<\/li>\n<\/ul>\n\n\n\n<ul class=\"wp-block-list\">\n<li>RIHARDU BUMBI\u0160U ar ieg\u016bto II vietu <mark style=\"background-color:rgba(0, 0, 0, 0)\" class=\"has-inline-color has-luminous-vivid-orange-color\">un izvirz\u012b\u0161anu uz fin\u0101lu R\u012bg\u0101!<\/mark><\/li>\n<\/ul>\n\n\n\n<p>Paldies skolot\u0101jai INESEI PETRIKALNEI un koncertmeistarei ILZEI KANGSEPAI!<\/p>\n\n\n\n<p>\u013boti lepojamies un nov\u0113lam veiksmi Valsts konkursa fin\u0101l\u0101!<\/p>\n\n\n\n<figure class=\"wp-block-image size-large\"><img loading=\"lazy\" decoding=\"async\" width=\"576\" height=\"1024\" src=\"https:\/\/muzika.aluksne.lv\/wp-content\/uploads\/2023\/01\/rihards1-1-576x1024.jpg\" alt=\"\" class=\"wp-image-3686\" srcset=\"https:\/\/muzika.aluksne.lv\/wp-content\/uploads\/2023\/01\/rihards1-1-576x1024.jpg 576w, https:\/\/muzika.aluksne.lv\/wp-content\/uploads\/2023\/01\/rihards1-1-169x300.jpg 169w, https:\/\/muzika.aluksne.lv\/wp-content\/uploads\/2023\/01\/rihards1-1-768x1365.jpg 768w, https:\/\/muzika.aluksne.lv\/wp-content\/uploads\/2023\/01\/rihards1-1-864x1536.jpg 864w, https:\/\/muzika.aluksne.lv\/wp-content\/uploads\/2023\/01\/rihards1-1.jpg 900w\" sizes=\"auto, (max-width: 576px) 100vw, 576px\" \/><figcaption class=\"wp-element-caption\">Rihards Bumbi\u0161s<\/figcaption><\/figure>\n\n\n\n<figure class=\"wp-block-image size-large\"><img loading=\"lazy\" decoding=\"async\" width=\"576\" height=\"1024\" src=\"https:\/\/muzika.aluksne.lv\/wp-content\/uploads\/2023\/01\/rihards2-1-576x1024.jpg\" alt=\"\" class=\"wp-image-3687\" srcset=\"https:\/\/muzika.aluksne.lv\/wp-content\/uploads\/2023\/01\/rihards2-1-576x1024.jpg 576w, https:\/\/muzika.aluksne.lv\/wp-content\/uploads\/2023\/01\/rihards2-1-169x300.jpg 169w, https:\/\/muzika.aluksne.lv\/wp-content\/uploads\/2023\/01\/rihards2-1-768x1365.jpg 768w, https:\/\/muzika.aluksne.lv\/wp-content\/uploads\/2023\/01\/rihards2-1-864x1536.jpg 864w, https:\/\/muzika.aluksne.lv\/wp-content\/uploads\/2023\/01\/rihards2-1.jpg 900w\" sizes=\"auto, (max-width: 576px) 100vw, 576px\" \/><figcaption class=\"wp-element-caption\">Rihards Bumbi\u0161s kop\u0101 ar pedagogu Inesi Petrikalni un koncertmeistari Ilzi Kangsepu<\/figcaption><\/figure>\n\n\n\n<figure class=\"wp-block-image size-large\"><img loading=\"lazy\" decoding=\"async\" width=\"768\" height=\"1024\" src=\"https:\/\/muzika.aluksne.lv\/wp-content\/uploads\/2023\/01\/emilija-roberta-1-768x1024.jpg\" alt=\"\" class=\"wp-image-3688\" srcset=\"https:\/\/muzika.aluksne.lv\/wp-content\/uploads\/2023\/01\/emilija-roberta-1-768x1024.jpg 768w, https:\/\/muzika.aluksne.lv\/wp-content\/uploads\/2023\/01\/emilija-roberta-1-225x300.jpg 225w, https:\/\/muzika.aluksne.lv\/wp-content\/uploads\/2023\/01\/emilija-roberta-1-1152x1536.jpg 1152w, https:\/\/muzika.aluksne.lv\/wp-content\/uploads\/2023\/01\/emilija-roberta-1.jpg 1530w\" sizes=\"auto, (max-width: 768px) 100vw, 768px\" \/><figcaption class=\"wp-element-caption\">Roberta Bumbi\u0161a un Em\u012blija Gusta kop\u0101 ar pedagogu Inesi Petrikalni un koncertmeistari Ilzi Kangsepu<\/figcaption><\/figure>\n","protected":false},"excerpt":{"rendered":"<p>2023. gada 24. janv\u0101r\u012b Alfr. Kalni\u0146a C\u0113su M\u016bzikas vidusskol\u0101 notika Latvijas profesion\u0101l\u0101s ievirzes izgl\u012bt\u012bbas iest\u0101\u017eu izgl\u012bt\u012bbas programmas\u00a0St\u012bgu instrumentu sp\u0113le \u2013 Vijoles sp\u0113le\u00a0Valsts konkursa II k\u0101rta. Vijoles specialit\u0101t\u0113 \u010detr\u0101s kla\u0161u grup\u0101s&#8230;<\/p>\n","protected":false},"author":4,"featured_media":0,"comment_status":"closed","ping_status":"closed","sticky":false,"template":"","format":"standard","meta":{"footnotes":""},"categories":[196],"tags":[],"class_list":["post-3680","post","type-post","status-publish","format-standard","hentry","category-daliba-konkursa"],"_links":{"self":[{"href":"https:\/\/muzika.aluksne.lv\/index.php?rest_route=\/wp\/v2\/posts\/3680","targetHints":{"allow":["GET"]}}],"collection":[{"href":"https:\/\/muzika.aluksne.lv\/index.php?rest_route=\/wp\/v2\/posts"}],"about":[{"href":"https:\/\/muzika.aluksne.lv\/index.php?rest_route=\/wp\/v2\/types\/post"}],"author":[{"embeddable":true,"href":"https:\/\/muzika.aluksne.lv\/index.php?rest_route=\/wp\/v2\/users\/4"}],"replies":[{"embeddable":true,"href":"https:\/\/muzika.aluksne.lv\/index.php?rest_route=%2Fwp%2Fv2%2Fcomments&post=3680"}],"version-history":[{"count":9,"href":"https:\/\/muzika.aluksne.lv\/index.php?rest_route=\/wp\/v2\/posts\/3680\/revisions"}],"predecessor-version":[{"id":3699,"href":"https:\/\/muzika.aluksne.lv\/index.php?rest_route=\/wp\/v2\/posts\/3680\/revisions\/3699"}],"wp:attachment":[{"href":"https:\/\/muzika.aluksne.lv\/index.php?rest_route=%2Fwp%2Fv2%2Fmedia&parent=3680"}],"wp:term":[{"taxonomy":"category","embeddable":true,"href":"https:\/\/muzika.aluksne.lv\/index.php?rest_route=%2Fwp%2Fv2%2Fcategories&post=3680"},{"taxonomy":"post_tag","embeddable":true,"href":"https:\/\/muzika.aluksne.lv\/index.php?rest_route=%2Fwp%2Fv2%2Ftags&post=3680"}],"curies":[{"name":"wp","href":"https:\/\/api.w.org\/{rel}","templated":true}]}}