{"id":3382,"date":"2022-05-03T12:58:48","date_gmt":"2022-05-03T09:58:48","guid":{"rendered":"https:\/\/muzika.aluksne.lv\/?p=3382"},"modified":"2022-05-09T10:41:39","modified_gmt":"2022-05-09T07:41:39","slug":"musu-sitaminstrumentu-puisi-muzice-vidzemes-koncertzale","status":"publish","type":"post","link":"https:\/\/muzika.aluksne.lv\/?p=3382","title":{"rendered":"M\u016bsu sitaminstrumentu pui\u0161i muzic\u0113 Vidzemes koncertz\u0101l\u0113"},"content":{"rendered":"\n<p>28. apr\u012bl\u012b Koncertz\u0101les \u201cC\u0113sis\u201d Lielaj\u0101 z\u0101l\u0113 izskan\u0113ja komponista, vijolnieka un Alfr\u0113da Kalni\u0146a C\u0113su M\u016bzikas vidusskolas pedagoga Andra Rieksti\u0146a jubilejas koncerts.<\/p>\n\n\n\n<p>A.Rieksti\u0146\u0161 pasniedz vijo\u013csp\u0113li, aran\u017e\u0113\u0161anu un kompoz\u012bciju, ir or\u0137estra trad\u012bcijas turpin\u0101t\u0101js, jo vada kameror\u0137estri, st\u012bgu kvartetu un iek\u013caujas m\u016bzikas skolu kameror\u0137estru kust\u012bb\u0101. Pedagogs ir bijis ar\u012b apvienot\u0101 or\u0137estra virsdiri\u0123ents Skol\u0113nu Dziesmu sv\u0113tkos. A.Rieksti\u0146\u0161 veido aran\u017eijas un raksta ori\u0123in\u0101lm\u016bziku, bez kuras nav iedom\u0101jama C\u0113su M\u016bzikas vidusskolas un C\u0113su pils\u0113tas muzik\u0101li rado\u0161\u0101 dz\u012bve daudzu gadu garum\u0101.<\/p>\n\n\n\n<p>Ikvienam interesentam kl\u0101tien\u0113 bija iesp\u0113ja izbaud\u012bt koncertu \u2013 sv\u0113tkus ar daudzveid\u012bgu programmu. Koncert\u0101 izskan\u0113ja Andra Rieksti\u0146a kompon\u0113tie ska\u0146darbi, un kop\u0101 ar jubil\u0101ru tos atska\u0146oja Jubilejas simfoniskais or\u0137estris (diri\u0123ents Andris Rieksti\u0146\u0161), Vidzemes kameror\u0137estris (diri\u0123ents Andris Veismanis), Alfr\u0113da Kalni\u0146a C\u0113su M\u016bzikas vidusskolas koris (diri\u0123ente Iveta Lapi\u0146a) un solisti \u2013 Ventis Zilberts, Leons Veldre, Dace Balode, Melissa Takanbekova, Gabriels Zavadskis, J\u0101nis Jansons un Jana Karabe\u013c\u0146ikova.<\/p>\n\n\n\n<p>Koncertu finansi\u0101li atbalst\u012bja Valsts kult\u016brkapit\u0101la fonds.<\/p>\n\n\n\n<p>M\u016bsu Al\u016bksnes M\u016bzikas skolas sitaminstrumentu sp\u0113les klases audz\u0113k\u0146i Haralds Dau\u0161kans (4.klase) un Ernests Erv\u012bns Dovg\u0101ns (7.* klase) ar savu skolot\u0101ju, Al\u016bksnes M\u016bzikas skolas sitaminstrumentu sp\u0113les pedagogu  M\u0101rci Kalni\u0146u muzic\u0113ja Jubilejas simfoniskaj\u0101 or\u0137estr\u012b.<\/p>\n\n\n\n<figure class=\"wp-block-image size-large\"><img loading=\"lazy\" decoding=\"async\" width=\"1024\" height=\"683\" src=\"https:\/\/muzika.aluksne.lv\/wp-content\/uploads\/2022\/05\/IMG_4273-1024x683.jpg\" alt=\"\" class=\"wp-image-3383\" srcset=\"https:\/\/muzika.aluksne.lv\/wp-content\/uploads\/2022\/05\/IMG_4273-1024x683.jpg 1024w, https:\/\/muzika.aluksne.lv\/wp-content\/uploads\/2022\/05\/IMG_4273-300x200.jpg 300w, https:\/\/muzika.aluksne.lv\/wp-content\/uploads\/2022\/05\/IMG_4273-768x512.jpg 768w, https:\/\/muzika.aluksne.lv\/wp-content\/uploads\/2022\/05\/IMG_4273-1536x1024.jpg 1536w, https:\/\/muzika.aluksne.lv\/wp-content\/uploads\/2022\/05\/IMG_4273-2048x1365.jpg 2048w\" sizes=\"auto, (max-width: 1024px) 100vw, 1024px\" \/><figcaption>Jubilejas or\u0137estris m\u0113\u0123in\u0101jum\u0101<\/figcaption><\/figure>\n\n\n\n<figure class=\"wp-block-image size-large\"><img loading=\"lazy\" decoding=\"async\" width=\"1024\" height=\"683\" src=\"https:\/\/muzika.aluksne.lv\/wp-content\/uploads\/2022\/05\/IMG_4301-1024x683.jpg\" alt=\"\" class=\"wp-image-3384\" srcset=\"https:\/\/muzika.aluksne.lv\/wp-content\/uploads\/2022\/05\/IMG_4301-1024x683.jpg 1024w, https:\/\/muzika.aluksne.lv\/wp-content\/uploads\/2022\/05\/IMG_4301-300x200.jpg 300w, https:\/\/muzika.aluksne.lv\/wp-content\/uploads\/2022\/05\/IMG_4301-768x512.jpg 768w, https:\/\/muzika.aluksne.lv\/wp-content\/uploads\/2022\/05\/IMG_4301-1536x1024.jpg 1536w, https:\/\/muzika.aluksne.lv\/wp-content\/uploads\/2022\/05\/IMG_4301-2048x1365.jpg 2048w\" sizes=\"auto, (max-width: 1024px) 100vw, 1024px\" \/><figcaption>Sitaminstrumentu grup\u0101 &#8211; m\u016bsu pedagogs M\u0101rcis Kalni\u0146\u0161<\/figcaption><\/figure>\n\n\n\n<figure class=\"wp-block-image size-large\"><img loading=\"lazy\" decoding=\"async\" width=\"1024\" height=\"683\" src=\"https:\/\/muzika.aluksne.lv\/wp-content\/uploads\/2022\/05\/IMG_4332-1024x683.jpg\" alt=\"\" class=\"wp-image-3385\" srcset=\"https:\/\/muzika.aluksne.lv\/wp-content\/uploads\/2022\/05\/IMG_4332-1024x683.jpg 1024w, https:\/\/muzika.aluksne.lv\/wp-content\/uploads\/2022\/05\/IMG_4332-300x200.jpg 300w, https:\/\/muzika.aluksne.lv\/wp-content\/uploads\/2022\/05\/IMG_4332-768x512.jpg 768w, https:\/\/muzika.aluksne.lv\/wp-content\/uploads\/2022\/05\/IMG_4332-1536x1024.jpg 1536w, https:\/\/muzika.aluksne.lv\/wp-content\/uploads\/2022\/05\/IMG_4332-2048x1365.jpg 2048w\" sizes=\"auto, (max-width: 1024px) 100vw, 1024px\" \/><figcaption>Pie diri\u0123enta pults jubil\u0101rs Andris Rieksti\u0146\u0161<\/figcaption><\/figure>\n\n\n\n<figure class=\"wp-block-image size-large\"><img loading=\"lazy\" decoding=\"async\" width=\"1024\" height=\"683\" src=\"https:\/\/muzika.aluksne.lv\/wp-content\/uploads\/2022\/05\/IMG_4335-1024x683.jpg\" alt=\"\" class=\"wp-image-3386\" srcset=\"https:\/\/muzika.aluksne.lv\/wp-content\/uploads\/2022\/05\/IMG_4335-1024x683.jpg 1024w, https:\/\/muzika.aluksne.lv\/wp-content\/uploads\/2022\/05\/IMG_4335-300x200.jpg 300w, https:\/\/muzika.aluksne.lv\/wp-content\/uploads\/2022\/05\/IMG_4335-768x512.jpg 768w, https:\/\/muzika.aluksne.lv\/wp-content\/uploads\/2022\/05\/IMG_4335-1536x1024.jpg 1536w, https:\/\/muzika.aluksne.lv\/wp-content\/uploads\/2022\/05\/IMG_4335-2048x1365.jpg 2048w\" sizes=\"auto, (max-width: 1024px) 100vw, 1024px\" \/><figcaption>No kreis\u0101s &#8211; Ernests Edv\u012bns Dovg\u0101ns, 7.klase, Haralds Dau\u0161kans, 4.klase, komponists, jubil\u0101rs Andris Rieksti\u0146\u0161, pedagogs M\u0101rcis Kalni\u0146\u0161<\/figcaption><\/figure>\n\n\n\n<figure class=\"wp-block-image size-large\"><img loading=\"lazy\" decoding=\"async\" width=\"1024\" height=\"768\" src=\"https:\/\/muzika.aluksne.lv\/wp-content\/uploads\/2022\/05\/IMG_7425-1024x768.jpg\" alt=\"\" class=\"wp-image-3387\" srcset=\"https:\/\/muzika.aluksne.lv\/wp-content\/uploads\/2022\/05\/IMG_7425-1024x768.jpg 1024w, https:\/\/muzika.aluksne.lv\/wp-content\/uploads\/2022\/05\/IMG_7425-300x225.jpg 300w, https:\/\/muzika.aluksne.lv\/wp-content\/uploads\/2022\/05\/IMG_7425-768x576.jpg 768w, https:\/\/muzika.aluksne.lv\/wp-content\/uploads\/2022\/05\/IMG_7425-1536x1152.jpg 1536w, https:\/\/muzika.aluksne.lv\/wp-content\/uploads\/2022\/05\/IMG_7425-2048x1536.jpg 2048w\" sizes=\"auto, (max-width: 1024px) 100vw, 1024px\" \/><figcaption>Vidzemes koncertz\u0101le &#8220;C\u0113sis&#8221;&#8216;, iej\u016btamies m\u016bzi\u0137u lom\u0101. Visi foto no Ingas Dau\u0161kanes person\u012bg\u0101 arh\u012bva<\/figcaption><\/figure>\n","protected":false},"excerpt":{"rendered":"<p>28. apr\u012bl\u012b Koncertz\u0101les \u201cC\u0113sis\u201d Lielaj\u0101 z\u0101l\u0113 izskan\u0113ja komponista, vijolnieka un Alfr\u0113da Kalni\u0146a C\u0113su M\u016bzikas vidusskolas pedagoga Andra Rieksti\u0146a jubilejas koncerts. A.Rieksti\u0146\u0161 pasniedz vijo\u013csp\u0113li, aran\u017e\u0113\u0161anu un kompoz\u012bciju, ir or\u0137estra trad\u012bcijas turpin\u0101t\u0101js,&#8230;<\/p>\n","protected":false},"author":3,"featured_media":0,"comment_status":"closed","ping_status":"closed","sticky":false,"template":"","format":"standard","meta":{"footnotes":""},"categories":[1],"tags":[],"class_list":["post-3382","post","type-post","status-publish","format-standard","hentry","category-nekategorizets"],"_links":{"self":[{"href":"https:\/\/muzika.aluksne.lv\/index.php?rest_route=\/wp\/v2\/posts\/3382","targetHints":{"allow":["GET"]}}],"collection":[{"href":"https:\/\/muzika.aluksne.lv\/index.php?rest_route=\/wp\/v2\/posts"}],"about":[{"href":"https:\/\/muzika.aluksne.lv\/index.php?rest_route=\/wp\/v2\/types\/post"}],"author":[{"embeddable":true,"href":"https:\/\/muzika.aluksne.lv\/index.php?rest_route=\/wp\/v2\/users\/3"}],"replies":[{"embeddable":true,"href":"https:\/\/muzika.aluksne.lv\/index.php?rest_route=%2Fwp%2Fv2%2Fcomments&post=3382"}],"version-history":[{"count":5,"href":"https:\/\/muzika.aluksne.lv\/index.php?rest_route=\/wp\/v2\/posts\/3382\/revisions"}],"predecessor-version":[{"id":3395,"href":"https:\/\/muzika.aluksne.lv\/index.php?rest_route=\/wp\/v2\/posts\/3382\/revisions\/3395"}],"wp:attachment":[{"href":"https:\/\/muzika.aluksne.lv\/index.php?rest_route=%2Fwp%2Fv2%2Fmedia&parent=3382"}],"wp:term":[{"taxonomy":"category","embeddable":true,"href":"https:\/\/muzika.aluksne.lv\/index.php?rest_route=%2Fwp%2Fv2%2Fcategories&post=3382"},{"taxonomy":"post_tag","embeddable":true,"href":"https:\/\/muzika.aluksne.lv\/index.php?rest_route=%2Fwp%2Fv2%2Ftags&post=3382"}],"curies":[{"name":"wp","href":"https:\/\/api.w.org\/{rel}","templated":true}]}}