{"id":2724,"date":"2020-03-16T11:12:11","date_gmt":"2020-03-16T09:12:11","guid":{"rendered":"https:\/\/muzika.aluksne.lv\/?p=2724"},"modified":"2020-03-16T11:12:11","modified_gmt":"2020-03-16T09:12:11","slug":"starptautiskie-muzikas-un-makslas-svetki-valmiera","status":"publish","type":"post","link":"https:\/\/muzika.aluksne.lv\/?p=2724","title":{"rendered":"Starptautiskie M\u016bzikas un m\u0101kslas sv\u0113tki Valmier\u0101"},"content":{"rendered":"<p><a href=\"https:\/\/muzika.aluksne.lv\/wp-content\/uploads\/2020\/03\/M\u016bzikas-un-m\u0101kslas-sv\u0113tki-Valmier\u0101-002.jpg\"><img loading=\"lazy\" decoding=\"async\" class=\"alignleft size-thumbnail wp-image-2725\" src=\"https:\/\/muzika.aluksne.lv\/wp-content\/uploads\/2020\/03\/M\u016bzikas-un-m\u0101kslas-sv\u0113tki-Valmier\u0101-002-150x150.jpg\" alt=\"\" width=\"150\" height=\"150\" \/><\/a><a href=\"https:\/\/muzika.aluksne.lv\/wp-content\/uploads\/2020\/03\/M\u016bzikas-un-m\u0101kslas-sv\u0113tki-Valmier\u0101-001.jpg\"><img loading=\"lazy\" decoding=\"async\" class=\"alignleft size-thumbnail wp-image-2726\" src=\"https:\/\/muzika.aluksne.lv\/wp-content\/uploads\/2020\/03\/M\u016bzikas-un-m\u0101kslas-sv\u0113tki-Valmier\u0101-001-150x150.jpg\" alt=\"\" width=\"150\" height=\"150\" \/><\/a>Tre\u0161dien, 11. mart\u0101 Valmier\u0101, M\u016bzikas\u00a0skolas &#8220;Universum&#8221; Lielaj\u0101 z\u0101l\u0113 notika Starptautiskie M\u016bzikas un m\u0101kslas sv\u0113tki, kuros piedal\u012bj\u0101s 124 jaunie m\u016bzi\u0137i no Latvijas, Lietuvas un Igaunijas m\u016bzikas skol\u0101m. Sv\u0113tkos bija iesp\u0113ja dzird\u0113t m\u016bziku no baroka laikmeta l\u012bdz pat m\u016bsdien\u0101m. Dal\u012bbnieki ne tikai muzic\u0113ja, bet ar\u012b iesniedza sevis rad\u012btus z\u012bm\u0113jumus, kurus priek\u0161nesuma laik\u0101 r\u0101d\u012bja skatuves lielaj\u0101 ekr\u0101n\u0101.<\/p>\n<p>Priec\u0101jamies par Al\u016bksnes M\u016bzikas skolas klaviersp\u0113les klases\u00a0 audz\u0113k\u0146u<strong> Milanas Vasakovas<\/strong> un <strong>Ances Po\u013cakas<\/strong> dal\u012bbu M\u016bzikas un m\u0101kslas sv\u0113tkos un g\u016bto rado\u0161o pieredzi. Pateicamies skolot\u0101jai <strong>L\u0101smai Cunskai<\/strong>.<\/p>\n","protected":false},"excerpt":{"rendered":"<p>Tre\u0161dien, 11. mart\u0101 Valmier\u0101, M\u016bzikas\u00a0skolas &#8220;Universum&#8221; Lielaj\u0101 z\u0101l\u0113 notika Starptautiskie M\u016bzikas un m\u0101kslas sv\u0113tki, kuros piedal\u012bj\u0101s 124 jaunie m\u016bzi\u0137i no Latvijas, Lietuvas un Igaunijas m\u016bzikas skol\u0101m. Sv\u0113tkos bija iesp\u0113ja dzird\u0113t&#8230;<\/p>\n","protected":false},"author":2,"featured_media":0,"comment_status":"closed","ping_status":"closed","sticky":false,"template":"","format":"standard","meta":{"footnotes":""},"categories":[4],"tags":[],"class_list":["post-2724","post","type-post","status-publish","format-standard","hentry","category-pasakumi"],"_links":{"self":[{"href":"https:\/\/muzika.aluksne.lv\/index.php?rest_route=\/wp\/v2\/posts\/2724","targetHints":{"allow":["GET"]}}],"collection":[{"href":"https:\/\/muzika.aluksne.lv\/index.php?rest_route=\/wp\/v2\/posts"}],"about":[{"href":"https:\/\/muzika.aluksne.lv\/index.php?rest_route=\/wp\/v2\/types\/post"}],"author":[{"embeddable":true,"href":"https:\/\/muzika.aluksne.lv\/index.php?rest_route=\/wp\/v2\/users\/2"}],"replies":[{"embeddable":true,"href":"https:\/\/muzika.aluksne.lv\/index.php?rest_route=%2Fwp%2Fv2%2Fcomments&post=2724"}],"version-history":[{"count":1,"href":"https:\/\/muzika.aluksne.lv\/index.php?rest_route=\/wp\/v2\/posts\/2724\/revisions"}],"predecessor-version":[{"id":2727,"href":"https:\/\/muzika.aluksne.lv\/index.php?rest_route=\/wp\/v2\/posts\/2724\/revisions\/2727"}],"wp:attachment":[{"href":"https:\/\/muzika.aluksne.lv\/index.php?rest_route=%2Fwp%2Fv2%2Fmedia&parent=2724"}],"wp:term":[{"taxonomy":"category","embeddable":true,"href":"https:\/\/muzika.aluksne.lv\/index.php?rest_route=%2Fwp%2Fv2%2Fcategories&post=2724"},{"taxonomy":"post_tag","embeddable":true,"href":"https:\/\/muzika.aluksne.lv\/index.php?rest_route=%2Fwp%2Fv2%2Ftags&post=2724"}],"curies":[{"name":"wp","href":"https:\/\/api.w.org\/{rel}","templated":true}]}}