{"id":2131,"date":"2018-03-07T12:36:26","date_gmt":"2018-03-07T10:36:26","guid":{"rendered":"https:\/\/muzika.aluksne.lv\/?p=2131"},"modified":"2019-10-16T11:25:14","modified_gmt":"2019-10-16T08:25:14","slug":"sveicam-sitaminstrumentu-speles-ansambla-dalibniekus","status":"publish","type":"post","link":"https:\/\/muzika.aluksne.lv\/?p=2131","title":{"rendered":"Sveicam sitaminstrumentu sp\u0113les ansamb\u013ca dal\u012bbniekus!"},"content":{"rendered":"<p><a href=\"https:\/\/muzika.aluksne.lv\/wp-content\/uploads\/2018\/03\/280a9f84-9bd2-4dd8-a672-aa7bc74a7b76.jpg\"><img loading=\"lazy\" decoding=\"async\" class=\"alignleft size-thumbnail wp-image-2154\" src=\"https:\/\/muzika.aluksne.lv\/wp-content\/uploads\/2018\/03\/280a9f84-9bd2-4dd8-a672-aa7bc74a7b76-150x150.jpg\" alt=\"\" width=\"150\" height=\"150\" \/><\/a><a href=\"https:\/\/muzika.aluksne.lv\/wp-content\/uploads\/2018\/03\/SVEICAM-2.jpg\"><img loading=\"lazy\" decoding=\"async\" class=\"alignleft size-thumbnail wp-image-2129\" src=\"https:\/\/muzika.aluksne.lv\/wp-content\/uploads\/2018\/03\/SVEICAM-2-150x150.jpg\" alt=\"\" width=\"150\" height=\"150\" \/><\/a>\u00a0Febru\u0101ra izska\u0146\u0101 Al\u016bksnes M\u016bzikas skolas sitaminstrumentu sp\u0113les ansamblis skolot\u0101ja M\u0101r\u010da Kalni\u0146a vad\u012bb\u0101 piedal\u012bj\u0101s\u00a0Latvijas izgl\u012bt\u012bbas iest\u0101\u017eu vok\u0101li instrument\u0101lo ansamb\u013cu, instrument\u0101lo kolekt\u012bvu un popgrupu festiv\u0101l\u0101 \u2013 konkurs\u0101 &#8220;No baroka l\u012bdz rokam&#8221; Cesvain\u0113, ieg\u016bstot I vietu. Apsveicam ar g\u016btajiem pan\u0101kumiem audz\u0113k\u0146us &#8211; Haraldu Dau\u0161kanu, Lauri Luguzi, Daniilu Po\u013cakovu, Valteru Spirku, vi\u0146u vec\u0101kus un skolot\u0101ju M\u0101rci!<\/p>\n","protected":false},"excerpt":{"rendered":"<p>\u00a0Febru\u0101ra izska\u0146\u0101 Al\u016bksnes M\u016bzikas skolas sitaminstrumentu sp\u0113les ansamblis skolot\u0101ja M\u0101r\u010da Kalni\u0146a vad\u012bb\u0101 piedal\u012bj\u0101s\u00a0Latvijas izgl\u012bt\u012bbas iest\u0101\u017eu vok\u0101li instrument\u0101lo ansamb\u013cu, instrument\u0101lo kolekt\u012bvu un popgrupu festiv\u0101l\u0101 \u2013 konkurs\u0101 &#8220;No baroka l\u012bdz rokam&#8221; Cesvain\u0113,&#8230;<\/p>\n","protected":false},"author":2,"featured_media":0,"comment_status":"closed","ping_status":"closed","sticky":false,"template":"","format":"standard","meta":{"footnotes":""},"categories":[196],"tags":[],"class_list":["post-2131","post","type-post","status-publish","format-standard","hentry","category-daliba-konkursa"],"_links":{"self":[{"href":"https:\/\/muzika.aluksne.lv\/index.php?rest_route=\/wp\/v2\/posts\/2131","targetHints":{"allow":["GET"]}}],"collection":[{"href":"https:\/\/muzika.aluksne.lv\/index.php?rest_route=\/wp\/v2\/posts"}],"about":[{"href":"https:\/\/muzika.aluksne.lv\/index.php?rest_route=\/wp\/v2\/types\/post"}],"author":[{"embeddable":true,"href":"https:\/\/muzika.aluksne.lv\/index.php?rest_route=\/wp\/v2\/users\/2"}],"replies":[{"embeddable":true,"href":"https:\/\/muzika.aluksne.lv\/index.php?rest_route=%2Fwp%2Fv2%2Fcomments&post=2131"}],"version-history":[{"count":2,"href":"https:\/\/muzika.aluksne.lv\/index.php?rest_route=\/wp\/v2\/posts\/2131\/revisions"}],"predecessor-version":[{"id":2155,"href":"https:\/\/muzika.aluksne.lv\/index.php?rest_route=\/wp\/v2\/posts\/2131\/revisions\/2155"}],"wp:attachment":[{"href":"https:\/\/muzika.aluksne.lv\/index.php?rest_route=%2Fwp%2Fv2%2Fmedia&parent=2131"}],"wp:term":[{"taxonomy":"category","embeddable":true,"href":"https:\/\/muzika.aluksne.lv\/index.php?rest_route=%2Fwp%2Fv2%2Fcategories&post=2131"},{"taxonomy":"post_tag","embeddable":true,"href":"https:\/\/muzika.aluksne.lv\/index.php?rest_route=%2Fwp%2Fv2%2Ftags&post=2131"}],"curies":[{"name":"wp","href":"https:\/\/api.w.org\/{rel}","templated":true}]}}